{"id":18643,"date":"2026-01-18T09:54:18","date_gmt":"2026-01-18T08:54:18","guid":{"rendered":"https:\/\/fundacioplanascasals.org\/comunicarse-y-empatizar-con-personas-que-presentan-algun-tipo-de-deterioro-cognitivo-y-o-demencia\/"},"modified":"2026-01-29T15:10:41","modified_gmt":"2026-01-29T14:10:41","slug":"comunicarse-y-empatizar-con-personas-que-presentan-algun-tipo-de-deterioro-cognitivo-y-o-demencia","status":"publish","type":"post","link":"https:\/\/fundacioplanascasals.org\/es\/comunicarse-y-empatizar-con-personas-que-presentan-algun-tipo-de-deterioro-cognitivo-y-o-demencia\/","title":{"rendered":"Comunicarse y empatizar con personas que presentan alg\u00fan tipo de deterioro cognitivo y\/o demencia."},"content":{"rendered":"\n<h2>Curso sobre el m\u00e9todo de Validaci\u00f3n<\/h2>\n\n<p class=\"has-normal-font-size\"><strong>Sesiones de formaci\u00f3n:<\/strong> 6\/2\/2026 de 17 a 20h y 7\/2\/2026, de 10\u201930 a 13\u201930h<br\/><strong>Sesiones de seguimiento:<\/strong> 21\/2\/2026 y 7\/3\/2026 de 10\u201930 a 13\u201930h.<\/p>\n\n<ul><li>Antes de las sesiones de seguimiento hay dos semanas para poner en pr\u00e1ctica lo aprendido. <\/li><li>En la tercera y cuarta sesi\u00f3n se hace un acompa\u00f1amiento para asegurar el aprendizaje y se completa la formaci\u00f3n, de&#13;\nacuerdo a las necesidades de cada participante.<\/li><\/ul>\n\n<p><b>OBJETIVOS DEL CURSO:\u00a0<\/b>comunicarse y empatizar con personas mayores que presentan p\u00e9rdida de autonom\u00eda, deterioro cognitivo y\/o demencia.<\/p>\n\n<p><b>Por ese motivo est\u00e1 dirigido <\/b>a\u00a0familiares, cuidadores y convivientes de personas en esa situaci\u00f3n y de personas que, por edad, la est\u00e1n iniciando.<\/p>\n\nPor el tipo de curso las plazas est\u00e1n limitadas a 18 personas.<br><br><strong>Precio:<\/strong> 120\u20ac. Incluye material.<br><strong>Lugar:<\/strong> C\/ Aribau 250, 1-2 (08006) Barcelona\n\n<figure class=\"wp-block-pullquote has-small-font-size\"><blockquote><p><strong>Inscripci\u00f3n<\/strong>: <a href=\"https:\/\/forms.gle\/4Gxhs5Gba55WgdATA\">https:\/\/forms.gle\/4Gxhs5Gba55WgdATA<\/a><\/p><\/blockquote><\/figure>\n","protected":false},"excerpt":{"rendered":"<p>Curso sobre el m\u00e9todo de Validaci\u00f3n Sesiones de formaci\u00f3n: 6\/2\/2026 de 17 a 20h y 7\/2\/2026, de 10\u201930 a 13\u201930hSesiones&#8230;<\/p>\n","protected":false},"author":1,"featured_media":18640,"comment_status":"closed","ping_status":"closed","sticky":false,"template":"","format":"standard","meta":[],"categories":[90],"tags":[],"_links":{"self":[{"href":"https:\/\/fundacioplanascasals.org\/es\/wp-json\/wp\/v2\/posts\/18643"}],"collection":[{"href":"https:\/\/fundacioplanascasals.org\/es\/wp-json\/wp\/v2\/posts"}],"about":[{"href":"https:\/\/fundacioplanascasals.org\/es\/wp-json\/wp\/v2\/types\/post"}],"author":[{"embeddable":true,"href":"https:\/\/fundacioplanascasals.org\/es\/wp-json\/wp\/v2\/users\/1"}],"replies":[{"embeddable":true,"href":"https:\/\/fundacioplanascasals.org\/es\/wp-json\/wp\/v2\/comments?post=18643"}],"version-history":[{"count":2,"href":"https:\/\/fundacioplanascasals.org\/es\/wp-json\/wp\/v2\/posts\/18643\/revisions"}],"predecessor-version":[{"id":18653,"href":"https:\/\/fundacioplanascasals.org\/es\/wp-json\/wp\/v2\/posts\/18643\/revisions\/18653"}],"wp:featuredmedia":[{"embeddable":true,"href":"https:\/\/fundacioplanascasals.org\/es\/wp-json\/wp\/v2\/media\/18640"}],"wp:attachment":[{"href":"https:\/\/fundacioplanascasals.org\/es\/wp-json\/wp\/v2\/media?parent=18643"}],"wp:term":[{"taxonomy":"category","embeddable":true,"href":"https:\/\/fundacioplanascasals.org\/es\/wp-json\/wp\/v2\/categories?post=18643"},{"taxonomy":"post_tag","embeddable":true,"href":"https:\/\/fundacioplanascasals.org\/es\/wp-json\/wp\/v2\/tags?post=18643"}],"curies":[{"name":"wp","href":"https:\/\/api.w.org\/{rel}","templated":true}]}}